{"id":21436,"date":"2026-03-05T13:52:29","date_gmt":"2026-03-05T13:52:29","guid":{"rendered":"https:\/\/www.activ-investment.eu\/?post_type=blog&#038;p=21436"},"modified":"2026-04-27T08:28:22","modified_gmt":"2026-04-27T08:28:22","slug":"mieszkanie-dla-mlodych-w-gliwicach-bez-wkladu-wlasneg","status":"publish","type":"blog","link":"https:\/\/www.activ-investment.eu\/en\/blog\/mieszkanie-dla-mlodych-w-gliwicach-bez-wkladu-wlasneg\/","title":{"rendered":"Mieszkanie dla m\u0142odych w Gliwicach? Gdzie kupi\u0107 nowe mieszkanie bez wk\u0142adu w\u0142asnego."},"content":{"rendered":"\n<h2 class=\"wp-block-heading\">Mieszkanie dla M\u0142odych w Gliwicach? Gdzie kupi\u0107 nowe mieszkanie bez wk\u0142adu w\u0142asnego<\/h2>\n\n\n\n<p>Szukasz w\u0142asnego \u201eM\u201d, masz zdolno\u015b\u0107 kredytow\u0105, ale blokuje Ci\u0119 brak got\u00f3wki na start? Je\u015bli pami\u0119tasz program MDM (\u201eMieszkanie dla M\u0142odych\u201d), warto wiedzie\u0107, \u017ce nie funkcjonuje ju\u017c od lat. Dobra wiadomo\u015b\u0107 jest taka, \u017ce obecnie mo\u017cesz skorzysta\u0107 z rz\u0105dowego rozwi\u0105zania, kt\u00f3re pomaga w podobny spos\u00f3b - <strong>\u201eMieszkania bez wk\u0142adu w\u0142asnego\u201d<\/strong> (oficjalnie Rodzinny Kredyt Mieszkaniowy). Niestety, w najwi\u0119kszych metropoliach znalezienie lokalu spe\u0142niaj\u0105cego ustawowe limity cenowe graniczy z cudem. <strong>Rozwi\u0105zanie? Gliwice, gdzie nowe mieszkania deweloperskie wci\u0105\u017c kwalifikuj\u0105 si\u0119 do programu.<\/strong> Np. na <strong><a href=\"https:\/\/www.activ-investment.eu\/mieszkania\/osiedle-area-parkii\/\"><mark style=\"background-color:rgba(0, 0, 0, 0);color:#005d87\" class=\"has-inline-color\">Osiedlu Area Park II.<\/mark><\/a><\/strong><mark style=\"background-color:rgba(0, 0, 0, 0);color:#0693e3\" class=\"has-inline-color\"><a href=\"https:\/\/www.activ-investment.eu\/mieszkania\/osiedle-area-parkii\/\"> <\/a><\/mark>Sprawd\u017a: <\/p>\n\n\n\n<h2 class=\"wp-block-heading\">Jak dzia\u0142a program \u201eMieszkanie bez wk\u0142adu w\u0142asnego\u201d?<\/h2>\n\n\n\n<p>Program \u201eMieszkanie bez wk\u0142adu w\u0142asnego\u201d (oficjalnie Rodzinny Kredyt Mieszkaniowy) powsta\u0142 z my\u015bl\u0105 o osobach, kt\u00f3re zmagaj\u0105 si\u0119 z jedn\u0105 g\u0142\u00f3wn\u0105 barier\u0105 - brakiem oszcz\u0119dno\u015bci na start. Je\u015bli Twoje zarobki pozwalaj\u0105 na regularne sp\u0142acanie rat, pa\u0144stwo pomaga omin\u0105\u0107 wym\u00f3g posiadania wk\u0142adu w\u0142asnego.<\/p>\n\n\n\n<figure class=\"wp-block-image size-large\"><img loading=\"lazy\" decoding=\"async\" width=\"1024\" height=\"575\" src=\"https:\/\/www.activ-investment.eu\/wp-content\/uploads\/Slider_Gliwice-1024x575.jpg\" alt=\"Osiedle Area Park Gliwice\" class=\"wp-image-19087\" srcset=\"https:\/\/www.activ-investment.eu\/wp-content\/uploads\/Slider_Gliwice-1024x575.jpg 1024w, https:\/\/www.activ-investment.eu\/wp-content\/uploads\/Slider_Gliwice-300x168.jpg 300w, https:\/\/www.activ-investment.eu\/wp-content\/uploads\/Slider_Gliwice-768x431.jpg 768w, https:\/\/www.activ-investment.eu\/wp-content\/uploads\/Slider_Gliwice-1536x862.jpg 1536w, https:\/\/www.activ-investment.eu\/wp-content\/uploads\/Slider_Gliwice.jpg 1900w\" sizes=\"auto, (max-width: 1024px) 100vw, 1024px\" \/><figcaption class=\"wp-element-caption\"><a href=\"https:\/\/www.activ-investment.eu\/mieszkania\/osiedle-area-parkii\/\"><em>Na Osiedlu Area Park II w Gliwicach - wybrane mieszkania bez wk\u0142adu w\u0142asnego<\/em><\/a><\/figcaption><\/figure>\n\n\n\n<h2 class=\"wp-block-heading\">Gliwice i szansa na Mieszkanie bez wk\u0142adu w\u0142asnego<\/h2>\n\n\n\n<p>Cho\u0107 za\u0142o\u017cenia programu brzmi\u0105 atrakcyjnie, zderzenie z rynkiem nieruchomo\u015bci w najwi\u0119kszych miastach bywa bolesne. G\u0142\u00f3wnym problemem s\u0105 wspomniane wcze\u015bniej limity cenowe, kt\u00f3re cz\u0119sto nie nad\u0105\u017caj\u0105 za rosn\u0105cymi cenami mieszka\u0144. <strong>Przyk\u0142adowo<\/strong>: <\/p>\n\n\n\n<ul class=\"wp-block-list\">\n<li>w Krakowie limit dla rynku pierwotnego wynosi 13 124,30 z\u0142\/m\u00b2<\/li>\n\n\n\n<li>w Katowicach \u2013 10 738,70 z\u0142\/m\u00b2<\/li>\n<\/ul>\n\n\n\n<p><strong>Dobrym przyk\u0142adem s\u0105 Gliwice, gdzie ustawowy limit wynosi 9 245,6 z\u0142\/m\u00b2,<\/strong> a rynek deweloperski nadal oferuje mieszkania mieszcz\u0105ce si\u0119 w tych wide\u0142kach. <\/p>\n\n\n\n<h2 class=\"wp-block-heading\">Osiedle Area Park II w Gliwicach - Mieszkanie bez Wk\u0142adu W\u0142asnego<\/h2>\n\n\n\n<p>W gliwickiej inwestycji <strong><mark style=\"background-color:rgba(0, 0, 0, 0);color:#005d87\" class=\"has-inline-color\">Osiedle Area Park II <\/mark><\/strong>czekaj\u0105 na Ciebie mieszkania, kt\u00f3re w 100% spe\u0142niaj\u0105 wymogi rz\u0105dowego programu. Co to oznacza w praktyce? Je\u015bli bank potwierdzi Twoj\u0105 zdolno\u015b\u0107 kredytow\u0105, kupisz wymarzone lokum bez konieczno\u015bci wyk\u0142adania nawet z\u0142ot\u00f3wki ze swoich oszcz\u0119dno\u015bci.<\/p>\n\n\n\n<p><strong>Oto przyk\u0142adowe mieszkania, kt\u00f3re klasyfikuj\u0105 si\u0119 do programu \"Mieszkanie bez wk\u0142adu w\u0142asnego\"<\/strong> <\/p>\n\n\n\n<ul class=\"wp-block-list\">\n<li>Mieszkanie B1_3 <strong>-<\/strong> 37,62 m\u00b2 | Cena: 9 150 z\u0142\/m\u00b2<\/li>\n\n\n\n<li>Mieszkanie B1_1<strong> -<\/strong> 41,11 m\u00b2 + du\u017cy ogr\u00f3dek 70 m\u00b2 | Cena: 8 850 z\u0142\/m\u00b2<\/li>\n\n\n\n<li>Mieszkanie B1_11 <strong>-<\/strong> 52,70 m\u00b2 | Cena: 8 850 z\u0142\/m\u00b2<\/li>\n\n\n\n<li>Mieszkanie B1_2 <strong>-<\/strong> 56,90 m\u00b2 + imponuj\u0105cy ogr\u00f3dek a\u017c 99,50 m\u00b2! | Cena: 8 300 z\u0142\/m\u00b2<\/li>\n<\/ul>\n\n\n\n<figure class=\"wp-block-image size-large\"><a href=\"https:\/\/www.activ-investment.eu\/mieszkania\/osiedle-area-parkii\/\"><img loading=\"lazy\" decoding=\"async\" width=\"1024\" height=\"640\" src=\"https:\/\/www.activ-investment.eu\/wp-content\/uploads\/osiedle-area-park-II-w-gliwicach-1-1024x640.png\" alt=\"\" class=\"wp-image-21259\" srcset=\"https:\/\/www.activ-investment.eu\/wp-content\/uploads\/osiedle-area-park-II-w-gliwicach-1-1024x640.png 1024w, https:\/\/www.activ-investment.eu\/wp-content\/uploads\/osiedle-area-park-II-w-gliwicach-1-300x188.png 300w, https:\/\/www.activ-investment.eu\/wp-content\/uploads\/osiedle-area-park-II-w-gliwicach-1-768x480.png 768w, https:\/\/www.activ-investment.eu\/wp-content\/uploads\/osiedle-area-park-II-w-gliwicach-1.png 1080w\" sizes=\"auto, (max-width: 1024px) 100vw, 1024px\" \/><\/a><figcaption class=\"wp-element-caption\"><em>Osiedle Area Park II - Mieszkania bez wk\u0142adu w\u0142asnego w Gliwicach<\/em><\/figcaption><\/figure>\n\n\n\n<p>Dlaczego te mieszkania si\u0119 klasyfikuj\u0105 do programu? Wynika to z dw\u00f3ch prostych warunk\u00f3w, kt\u00f3re te mieszkania spe\u0142niaj\u0105 idealnie:<\/p>\n\n\n\n<ul class=\"wp-block-list\">\n<li><strong>Mieszcz\u0105 si\u0119 w limitach cenowych:<\/strong> Cena za metr kwadratowy ka\u017cdego z nich jest ni\u017csza ni\u017c ustawowy pr\u00f3g dla Gliwic (czyli 9 644,60 brutto z\u0142\/m\u00b2).<\/li>\n<\/ul>\n\n\n\n<ul class=\"wp-block-list\">\n<li><strong>Mieszcz\u0105 si\u0119 w limicie kwotowym gwarancji:<\/strong> Bank Gospodarstwa Krajowego gwarantuje brakuj\u0105cy wk\u0142ad w\u0142asny (zazwyczaj 20% warto\u015bci nieruchomo\u015bci) do maksymalnej kwoty 100 000 z\u0142.<\/li>\n<\/ul>\n\n\n\n<p><strong>Sp\u00f3jrzmy na najdro\u017csze mieszkanie z listy (B1_2)<\/strong> : <strong>56,90 m\u00b2 + ogr\u00f3dek 99,50 m\u00b2<\/strong>:<\/p>\n\n\n\n<ul class=\"wp-block-list\">\n<li>Ca\u0142kowita cena: ok. 472 270 z\u0142<\/li>\n\n\n\n<li>Wymagany przez bank wk\u0142ad w\u0142asny (20%): ok. 94 454 z\u0142<\/li>\n\n\n\n<li>Kwota ta jest mniejsza ni\u017c maksymalny limit 100 000 z\u0142 z BGK!<\/li>\n<\/ul>\n\n\n\n<p><a href=\"https:\/\/www.activ-investment.eu\/mieszkania\/osiedle-area-parkii\/?size=&amp;rooms=&amp;floors=#apartments_choose\"><strong><mark style=\"background-color:rgba(0, 0, 0, 0);color:#005d87\" class=\"has-inline-color\">Sprawd\u017a pe\u0142n\u0105 list\u0119 mieszka\u0144 &gt;&gt; <\/mark><\/strong><\/a><\/p>\n\n\n\n<h2 class=\"wp-block-heading\">Najwa\u017cniejsze zasady programu \"Mieszkanie bez wk\u0142adu W\u0142asnego\"<\/h2>\n\n\n\n<h4 class=\"wp-block-heading\"><strong>Gwarancja BGK zamiast got\u00f3wki<\/strong><\/h4>\n\n\n\n<p>Bank Gospodarstwa Krajowego (BGK) obejmuje gwarancj\u0105 od 10% do 20% warto\u015bci nieruchomo\u015bci (maksymalnie do 100 000 z\u0142). Dzi\u0119ki temu w banku komercyjnym mo\u017cesz wzi\u0105\u0107 kredyt pokrywaj\u0105cy nawet 100% ceny mieszkania. <strong>Wa\u017cne<\/strong>: Kredyt musi by\u0107 zaci\u0105gni\u0119ty na minimum 15 lat.<\/p>\n\n\n\n<h4 class=\"wp-block-heading\">Limit ceny za metr kwadratowy<\/h4>\n\n\n\n<p>Aby mieszkanie kwalifikowa\u0142o si\u0119 do programu, cena za 1 m\u00b2 nie mo\u017ce przekroczy\u0107 limit\u00f3w ustalanych dla poszczeg\u00f3lnych miast i gmin. Limity te regularnie publikuje BGK.<\/p>\n\n\n\n<h2 class=\"wp-block-heading\">Sp\u0142ata rodzinna \u2013 pa\u0144stwo sp\u0142aca cz\u0119\u015b\u0107 kredytu<\/h2>\n\n\n\n<p>Je\u015bli w trakcie sp\u0142aty kredytu powi\u0119kszy si\u0119 Twoja rodzina, mo\u017cesz otrzyma\u0107 jednorazow\u0105 sp\u0142at\u0119 cz\u0119\u015bci kapita\u0142u:<\/p>\n\n\n\n<ul class=\"wp-block-list\">\n<li>20 000 z\u0142 \u2013 przy narodzinach drugiego dziecka<\/li>\n\n\n\n<li>60 000 z\u0142 \u2013 przy narodzinach trzeciego lub kolejnego dziecka\\<\/li>\n<\/ul>\n\n\n\n<h2 class=\"wp-block-heading\">Dla kogo jest ten program?<\/h2>\n\n\n\n<p>Wbrew pozorom Rodzinny Kredyt Mieszkaniowy nie jest rozwi\u0105zaniem tylko dla rodzin wielodzietnych.<\/p>\n\n\n\n<p><strong>Z programu mog\u0105 skorzysta\u0107:<\/strong><\/p>\n\n\n\n<ul class=\"wp-block-list\">\n<li>single<\/li>\n\n\n\n<li>ma\u0142\u017ce\u0144stwa<\/li>\n\n\n\n<li>pary w zwi\u0105zkach nieformalnych (je\u015bli wsp\u00f3lnie wychowuj\u0105 co najmniej jedno dziecko)<\/li>\n<\/ul>\n\n\n\n<h2 class=\"wp-block-heading\"><strong>Podstawowy warunek: brak w\u0142asnego mieszkania lub domu.<\/strong><\/h2>\n\n\n\n<p>Program przewiduje jednak wyj\u0105tki dla rodzin z dzie\u0107mi. Je\u015bli posiadacie ju\u017c mieszkanie, ale jest ono zbyt ma\u0142e, nadal mo\u017cecie z\u0142o\u017cy\u0107 wniosek.<\/p>\n\n\n\n<p>Limity metra\u017cowe obecnego mieszkania wynosz\u0105:<\/p>\n\n\n\n<ul class=\"wp-block-list\">\n<li>do 50 m\u00b2 \u2013 przy dwojgu dzieci<\/li>\n\n\n\n<li>do 75 m\u00b2 \u2013 przy trojgu dzieci<\/li>\n\n\n\n<li>do 90 m\u00b2 \u2013 przy czworgu dzieci<\/li>\n<\/ul>\n\n\n\n<p>Rodziny z pi\u0119ciorgiem lub wi\u0119ksz\u0105 liczb\u0105 dzieci nie maj\u0105 \u017cadnych limit\u00f3w metra\u017cowych.<\/p>\n\n\n\n<p>Program Rodzinnego Kredytu Mieszkaniowego to realna szansa na zakup mieszkania bez konieczno\u015bci posiadania wk\u0142adu w\u0142asnego - szczeg\u00f3lnie w miastach, w kt\u00f3rych limity cenowe wci\u0105\u017c s\u0105 osi\u0105galne. Gliwice nale\u017c\u0105 do tych lokalizacji, gdzie da si\u0119 po\u0142\u0105czy\u0107 rozs\u0105dn\u0105 cen\u0119 z dobr\u0105 infrastruktur\u0105 i dost\u0119pem do nowego budownictwa. Warto na spokojnie przeanalizowa\u0107 mo\u017cliwo\u015bci i wybra\u0107 mieszkanie dopasowane do Twoich potrzeb oraz bud\u017cetu.<\/p>\n\n\n\n<h2 class=\"wp-block-heading\">Szukasz mieszkania w Gliwicach?<\/h2>\n\n\n\n<p>Sprawd\u017a pe\u0142n\u0105 ofert\u0119 mieszka\u0144 przy ul. Dolnej\/G\u00f3rnej w Gliwicach i wybierz swoje wymarzone \u201eM\u201d, kt\u00f3re sfinansujesz w ramach programu bez wnoszenia wk\u0142adu w\u0142asnego. Nie czekaj, a\u017c najatrakcyjniejsze uk\u0142ady znikn\u0105 z rynku!<\/p>\n\n\n\n<p>\ud83d\udcde <a href=\"tel: 32 745 31 67\">32 745 31 67<\/a> - zadzwo\u0144 do nas i um\u00f3w si\u0119 na spotkanie na budowie, by z bliska pozna\u0107 nasze osiedle i przekona\u0107 si\u0119, dlaczego Osiedle Area Park II to idealne miejsce do \u017cycia.<\/p>\n\n\n\n<p><strong>Nasze wszystkie inwestycje: <\/strong><\/p>\n\n\n\n<figure class=\"wp-block-gallery has-nested-images columns-default is-cropped wp-block-gallery-1 is-layout-flex wp-block-gallery-is-layout-flex\">\n<figure class=\"wp-block-image size-large\"><img loading=\"lazy\" decoding=\"async\" width=\"1024\" height=\"681\" data-id=\"19837\" src=\"https:\/\/www.activ-investment.eu\/wp-content\/uploads\/Wiz_1_AreaII-1-1024x681.jpg\" alt=\"Osiedle Area Park II w Gliwicach\" class=\"wp-image-19837\" srcset=\"https:\/\/www.activ-investment.eu\/wp-content\/uploads\/Wiz_1_AreaII-1-1024x681.jpg 1024w, https:\/\/www.activ-investment.eu\/wp-content\/uploads\/Wiz_1_AreaII-1-300x200.jpg 300w, https:\/\/www.activ-investment.eu\/wp-content\/uploads\/Wiz_1_AreaII-1-768x511.jpg 768w, https:\/\/www.activ-investment.eu\/wp-content\/uploads\/Wiz_1_AreaII-1-1536x1022.jpg 1536w, https:\/\/www.activ-investment.eu\/wp-content\/uploads\/Wiz_1_AreaII-1.jpg 2000w\" sizes=\"auto, (max-width: 1024px) 100vw, 1024px\" \/><figcaption class=\"wp-element-caption\"><br>Osiedle Area Park II w Gliwicach<\/figcaption><\/figure>\n<\/figure>\n\n\n\n<figure class=\"wp-block-gallery has-nested-images columns-default is-cropped wp-block-gallery-2 is-layout-flex wp-block-gallery-is-layout-flex\">\n<figure class=\"wp-block-image size-large\"><img loading=\"lazy\" decoding=\"async\" width=\"888\" height=\"888\" data-id=\"20920\" src=\"https:\/\/www.activ-investment.eu\/wp-content\/uploads\/Katowice-Nova-Mikolowska-City-Garden.jpg\" alt=\"Katowice, Nova Miko\u0142owska City Garden | Activ Investment\" class=\"wp-image-20920\" srcset=\"https:\/\/www.activ-investment.eu\/wp-content\/uploads\/Katowice-Nova-Mikolowska-City-Garden.jpg 888w, https:\/\/www.activ-investment.eu\/wp-content\/uploads\/Katowice-Nova-Mikolowska-City-Garden-300x300.jpg 300w, https:\/\/www.activ-investment.eu\/wp-content\/uploads\/Katowice-Nova-Mikolowska-City-Garden-150x150.jpg 150w, https:\/\/www.activ-investment.eu\/wp-content\/uploads\/Katowice-Nova-Mikolowska-City-Garden-768x768.jpg 768w, https:\/\/www.activ-investment.eu\/wp-content\/uploads\/Katowice-Nova-Mikolowska-City-Garden-45x45.jpg 45w\" sizes=\"auto, (max-width: 888px) 100vw, 888px\" \/><figcaption class=\"wp-element-caption\">Nova Miko\u0142owska: City Garden, Katowice<\/figcaption><\/figure>\n\n\n\n<figure class=\"wp-block-image size-large\"><img loading=\"lazy\" decoding=\"async\" width=\"888\" height=\"888\" data-id=\"20918\" src=\"https:\/\/www.activ-investment.eu\/wp-content\/uploads\/Katowice-Kopalniana-7-3.jpg\" alt=\"Katowice, ul. Kopalniana 7 | Activ Investment\" class=\"wp-image-20918\" srcset=\"https:\/\/www.activ-investment.eu\/wp-content\/uploads\/Katowice-Kopalniana-7-3.jpg 888w, https:\/\/www.activ-investment.eu\/wp-content\/uploads\/Katowice-Kopalniana-7-3-300x300.jpg 300w, https:\/\/www.activ-investment.eu\/wp-content\/uploads\/Katowice-Kopalniana-7-3-150x150.jpg 150w, https:\/\/www.activ-investment.eu\/wp-content\/uploads\/Katowice-Kopalniana-7-3-768x768.jpg 768w, https:\/\/www.activ-investment.eu\/wp-content\/uploads\/Katowice-Kopalniana-7-3-45x45.jpg 45w\" sizes=\"auto, (max-width: 888px) 100vw, 888px\" \/><figcaption class=\"wp-element-caption\">Kopalniana 7, Katowice<\/figcaption><\/figure>\n<\/figure>\n\n\n\n<figure class=\"wp-block-gallery has-nested-images columns-default is-cropped wp-block-gallery-3 is-layout-flex wp-block-gallery-is-layout-flex\">\n<figure class=\"wp-block-image size-large\"><img loading=\"lazy\" decoding=\"async\" width=\"888\" height=\"888\" data-id=\"20922\" src=\"https:\/\/www.activ-investment.eu\/wp-content\/uploads\/Krakow-ul.-Przewoz-Activ-Investment.jpg\" alt=\"M\u00f3j Przew\u00f3z | Krak\u00f3w, ul. Przew\u00f3z Activ Investment\" class=\"wp-image-20922\" srcset=\"https:\/\/www.activ-investment.eu\/wp-content\/uploads\/Krakow-ul.-Przewoz-Activ-Investment.jpg 888w, https:\/\/www.activ-investment.eu\/wp-content\/uploads\/Krakow-ul.-Przewoz-Activ-Investment-300x300.jpg 300w, https:\/\/www.activ-investment.eu\/wp-content\/uploads\/Krakow-ul.-Przewoz-Activ-Investment-150x150.jpg 150w, https:\/\/www.activ-investment.eu\/wp-content\/uploads\/Krakow-ul.-Przewoz-Activ-Investment-768x768.jpg 768w, https:\/\/www.activ-investment.eu\/wp-content\/uploads\/Krakow-ul.-Przewoz-Activ-Investment-45x45.jpg 45w\" sizes=\"auto, (max-width: 888px) 100vw, 888px\" \/><figcaption class=\"wp-element-caption\">Krak\u00f3w, ul. Przew\u00f3z <\/figcaption><\/figure>\n\n\n\n<figure class=\"wp-block-image size-large\"><img loading=\"lazy\" decoding=\"async\" width=\"1024\" height=\"1024\" data-id=\"21903\" src=\"https:\/\/www.activ-investment.eu\/wp-content\/uploads\/warszawa-1-1024x1024.jpg\" alt=\"Kameralny Ruczaj\" class=\"wp-image-21903\" srcset=\"https:\/\/www.activ-investment.eu\/wp-content\/uploads\/warszawa-1-1024x1024.jpg 1024w, https:\/\/www.activ-investment.eu\/wp-content\/uploads\/warszawa-1-300x300.jpg 300w, https:\/\/www.activ-investment.eu\/wp-content\/uploads\/warszawa-1-150x150.jpg 150w, https:\/\/www.activ-investment.eu\/wp-content\/uploads\/warszawa-1-768x768.jpg 768w, https:\/\/www.activ-investment.eu\/wp-content\/uploads\/warszawa-1-1536x1536.jpg 1536w, https:\/\/www.activ-investment.eu\/wp-content\/uploads\/warszawa-1-45x45.jpg 45w, https:\/\/www.activ-investment.eu\/wp-content\/uploads\/warszawa-1.jpg 1760w\" sizes=\"auto, (max-width: 1024px) 100vw, 1024px\" \/><figcaption class=\"wp-element-caption\">Krak\u00f3w, ul. Ruczaj<\/figcaption><\/figure>\n<\/figure>\n","protected":false},"featured_media":19826,"template":"","blog_categories":[],"class_list":["post-21436","blog","type-blog","status-publish","has-post-thumbnail","hentry"],"acf":[],"_links":{"self":[{"href":"https:\/\/www.activ-investment.eu\/en\/wp-json\/wp\/v2\/blog\/21436","targetHints":{"allow":["GET"]}}],"collection":[{"href":"https:\/\/www.activ-investment.eu\/en\/wp-json\/wp\/v2\/blog"}],"about":[{"href":"https:\/\/www.activ-investment.eu\/en\/wp-json\/wp\/v2\/types\/blog"}],"wp:featuredmedia":[{"embeddable":true,"href":"https:\/\/www.activ-investment.eu\/en\/wp-json\/wp\/v2\/media\/19826"}],"wp:attachment":[{"href":"https:\/\/www.activ-investment.eu\/en\/wp-json\/wp\/v2\/media?parent=21436"}],"wp:term":[{"taxonomy":"blog_categories","embeddable":true,"href":"https:\/\/www.activ-investment.eu\/en\/wp-json\/wp\/v2\/blog_categories?post=21436"}],"curies":[{"name":"wp","href":"https:\/\/api.w.org\/{rel}","templated":true}]}}